{"id":8191,"date":"2021-06-10T16:56:07","date_gmt":"2021-06-10T15:56:07","guid":{"rendered":"https:\/\/pro-humanitaet.de\/?p=8191"},"modified":"2021-06-10T16:56:18","modified_gmt":"2021-06-10T15:56:18","slug":"interreligioeser-dialog","status":"publish","type":"post","link":"https:\/\/pro-humanitaet.de\/fr\/interreligioeser-dialog\/","title":{"rendered":"Interreligi\u00f6ser Dialog"},"content":{"rendered":"<section  class='av_textblock_section av-kpr2t1yd-8c32f1e137eb2ddea621ad9dce416100'  itemscope=\"itemscope\" itemtype=\"https:\/\/schema.org\/BlogPosting\" itemprop=\"blogPost\" ><div class='avia_textblock'  itemprop=\"text\" ><p><strong>Liebe Freunde*innen und Unterst\u00fctzer*innen der Aktion Pro Humanit\u00e4t,<\/strong><\/p>\n<p>wie sie sicherlich mitbekommen haben, fanden in Israel und Pal\u00e4stina heftige Konflikte mit zahlreichen Toten statt. Derzeit herrscht eine Waffenruhe und der langj\u00e4hrig, immer wieder aufbrodelnde Kampf scheint derzeit vorerst wieder beruhigt. Doch wie lang h\u00e4lt die vermeintliche Ruhe dieses Mal? Ist eine L\u00f6sung in Sicht?<\/p>\n<p>Wir als Aktion pro Humanit\u00e4t haben uns zusammen mit unseren verbundenen Religionsvertretern \u00fcberlegt, ein kleines Statement zu setzen f\u00fcr interreligi\u00f6sen Dialog, f\u00fcr Frieden und Einheit, f\u00fcr ein Zusammenleben der Kulturen, Religionen und Ethnien. Nicht nur in Israel und Pal\u00e4stina, sondern auch im kleinen Bereich, bei jedem einzelnen von uns.<\/p>\n<p><a href=\"https:\/\/youtu.be\/kUuN_MoXNQM\">Video zum interreligi\u00f6sen Dialog<\/a><\/p>\n<\/div><\/section>","protected":false},"excerpt":{"rendered":"","protected":false},"author":5,"featured_media":0,"comment_status":"closed","ping_status":"closed","sticky":false,"template":"","format":"standard","meta":[],"categories":[1],"tags":[],"acf":[],"_links":{"self":[{"href":"https:\/\/pro-humanitaet.de\/fr\/wp-json\/wp\/v2\/posts\/8191"}],"collection":[{"href":"https:\/\/pro-humanitaet.de\/fr\/wp-json\/wp\/v2\/posts"}],"about":[{"href":"https:\/\/pro-humanitaet.de\/fr\/wp-json\/wp\/v2\/types\/post"}],"author":[{"embeddable":true,"href":"https:\/\/pro-humanitaet.de\/fr\/wp-json\/wp\/v2\/users\/5"}],"replies":[{"embeddable":true,"href":"https:\/\/pro-humanitaet.de\/fr\/wp-json\/wp\/v2\/comments?post=8191"}],"version-history":[{"count":2,"href":"https:\/\/pro-humanitaet.de\/fr\/wp-json\/wp\/v2\/posts\/8191\/revisions"}],"predecessor-version":[{"id":8194,"href":"https:\/\/pro-humanitaet.de\/fr\/wp-json\/wp\/v2\/posts\/8191\/revisions\/8194"}],"wp:attachment":[{"href":"https:\/\/pro-humanitaet.de\/fr\/wp-json\/wp\/v2\/media?parent=8191"}],"wp:term":[{"taxonomy":"category","embeddable":true,"href":"https:\/\/pro-humanitaet.de\/fr\/wp-json\/wp\/v2\/categories?post=8191"},{"taxonomy":"post_tag","embeddable":true,"href":"https:\/\/pro-humanitaet.de\/fr\/wp-json\/wp\/v2\/tags?post=8191"}],"curies":[{"name":"wp","href":"https:\/\/api.w.org\/{rel}","templated":true}]}}