{"id":8493,"date":"2023-02-08T11:13:10","date_gmt":"2023-02-08T10:13:10","guid":{"rendered":"https:\/\/pro-humanitaet.de\/?p=8493"},"modified":"2024-02-05T13:35:21","modified_gmt":"2024-02-05T12:35:21","slug":"syrien-erdbeben-nothilfe-allianz-vom-niederrhein","status":"publish","type":"post","link":"https:\/\/pro-humanitaet.de\/fr\/syrien-erdbeben-nothilfe-allianz-vom-niederrhein\/","title":{"rendered":"Sammelaktion auf dem Kapellenplatz: Decken und Schlafs\u00e4cke werden nach Syrien gebracht"},"content":{"rendered":"<div class='flex_column av-31c0d9-ea41f8c03da9ee6f011351956caa984b av_one_full  avia-builder-el-0  avia-builder-el-no-sibling  first flex_column_div'     ><p><section  class='av_textblock_section av-ldvh31dl-c9e09086e30fdc89b9f9194c41910ab3'  itemscope=\"itemscope\" itemtype=\"https:\/\/schema.org\/BlogPosting\" itemprop=\"blogPost\" ><div class='avia_textblock'  itemprop=\"text\" ><p><strong style=\"color: #5b5b5b; line-height: 1.2; padding-top: 1.5rem;\">Syrien-Erdbeben-Nothilfe-Allianz vom Niederrhein<\/strong><\/p>\n<\/div><\/section><br \/>\n\n<style type=\"text\/css\" data-created_by=\"avia_inline_auto\" id=\"style-css-av-ldvg9eub-fa06bd91a174bc2095c0a1eaa486386a\">\n#top .av-special-heading.av-ldvg9eub-fa06bd91a174bc2095c0a1eaa486386a{\npadding-bottom:10px;\n}\nbody .av-special-heading.av-ldvg9eub-fa06bd91a174bc2095c0a1eaa486386a .av-special-heading-tag .heading-char{\nfont-size:25px;\n}\n.av-special-heading.av-ldvg9eub-fa06bd91a174bc2095c0a1eaa486386a .av-subheading{\nfont-size:15px;\n}\n<\/style>\n<div  class='av-special-heading av-ldvg9eub-fa06bd91a174bc2095c0a1eaa486386a av-special-heading-h1  avia-builder-el-2  el_after_av_textblock  el_before_av_icon_box  info-syrien-h1'><h1 class='av-special-heading-tag'  itemprop=\"headline\"  >Sammelaktion auf dem Kapellenplatz: Decken und Schlafs\u00e4cke werden nach Syrien gebracht<\/h1><div class=\"special-heading-border\"><div class=\"special-heading-inner-border\"><\/div><\/div><\/div><br \/>\n\n<style type=\"text\/css\" data-created_by=\"avia_inline_auto\" id=\"style-css-av-ldvgoe3b-a09dd77f672964b18640ab32a1565a95\">\n.iconbox.av-ldvgoe3b-a09dd77f672964b18640ab32a1565a95 .iconbox_icon{\nbackground-color:#f4fbff;\nborder:1px solid #ededed;\ncolor:#3b5470;\n}\n#top #wrap_all .iconbox.av-ldvgoe3b-a09dd77f672964b18640ab32a1565a95 .iconbox_content_title{\ncolor:#2b2b2b;\n}\n<\/style>\n<article  id=\"info-syrien\"  class='iconbox iconbox_top av-ldvgoe3b-a09dd77f672964b18640ab32a1565a95  avia-builder-el-3  el_after_av_heading  el_before_av_textblock  main_color'  itemscope=\"itemscope\" itemtype=\"https:\/\/schema.org\/BlogPosting\" itemprop=\"blogPost\" ><div class=\"iconbox_content\"><header class=\"entry-content-header\"><div class=\"iconbox_icon heading-color\" aria-hidden='true' data-av_icon='\ue81e' data-av_iconfont='entypo-fontello'><\/div><\/header><div class='iconbox_content_container'  itemprop=\"text\" ><p style=\"text-align: left;\">Montag, <strong style=\"color: #5b5b5b;\">13. Februar<\/strong>, 10.30-15.30 Uhr auf dem Kevelaerer Kapellenplatz<\/p>\n<p style=\"text-align: left;\">Wir sammeln \u2013 alles bitte sauber und gut erhalten:<\/p>\n<ul style=\"text-align: left; list-style-type: circle; padding-bottom: 1.5rem; margin: 0 auto;\">\n<li>Decken<\/li>\n<li>Schlafs\u00e4cke<\/li>\n<li>Winteranoraks (neuwertig)<\/li>\n<li>Winterm\u00e4ntel f\u00fcr Kinder und Erwachsene<\/li>\n<li>Isomatten<\/li>\n<li>Babywindeln<\/li>\n<\/ul>\n<p style=\"text-align: left;\">Die \u201eAktion pro Humanit\u00e4t\u201c bei Ihrer Hilfe in Syrien unterst\u00fctzen:<br \/>\nSpendenkonto DE 39 3206 1384 4330 1300 11<\/p>\n<\/div><\/div><footer class=\"entry-footer\"><\/footer><\/article><br \/>\n<section  class='av_textblock_section av-ldvgiywa-d82612be01929e73fb21362e9350b0f1'  itemscope=\"itemscope\" itemtype=\"https:\/\/schema.org\/BlogPosting\" itemprop=\"blogPost\" ><div class='avia_textblock'  itemprop=\"text\" ><p><strong>Kevelaer.<\/strong> Nach dem verheerenden Erdbeben hat auch die Aktion pro Humanit\u00e4t (APH) mit ihrer Vorsitzenden Dr. Elke Kleuren-Schryvers Kontakt zu ihren Projektpartnern in Syrien aufgenommen. \u201eWe are safe. But the disaster is huge. It\u2019s like apocalypse phenomenon\u201c \u2013 \u201eWir sind sicher. Aber die Katastrophe ist riesig. Es ist wie ein Apokalypse-Ph\u00e4nomen\u201c, schreibt Pater Firas Lutfi aus Damaskus. Damaskus ist von der Katastrophe nicht betroffen \u2013 dort k\u00f6nnen direkt vor Ort Hilfsg\u00fcter besorgt werden. \u201eEs werden vor allem Nahrungsmittel, warme Kleidung, Decken und Heizmaterialien ben\u00f6tigt. Dazu Verbandsmaterialien und Medikamente\u201c, so die APH-Vorsitzende. Nach vielen bangen Stunden konnte APH auch Kontakt zu Jacques Mourad aufnehmen, der gerade zum neuen syrisch-katholischen Erzbischof vom Homs ernannt wurde. Der Geistliche, der \u2013 wie Pater Firas Lutfi auch \u2013 bereits mehrfach in Kevelaer zu Gast war, befand sich mit dem Auto auf dem Weg nach Aleppo, um vor Ort Hilfsma\u00dfnahmen zu b\u00fcndeln.<\/p>\n<p>APH hat bereits aus seinem Nothilfe-Programm 10.000 Euro f\u00fcr die Aleppo-Hilfe \u00fcberwiesen. Wieder bew\u00e4hrt sich eine f\u00fcr die Menschen in den Katastrophen auf dieser Welt verl\u00e4ssliche Nothilfe-Allianz vom Niederrhein. Als Partner der Stiftung Aktion pro Humanit\u00e4t ist in all diesen Situationen nahezu immer die Stiftung der Familie Seibt aus Wesel-Fl\u00fcren mit im Boot (jetzt hat sie 20.000 Euro Soforthilfe zugesagt). Die Rozanka-Stiftung spendet 5.000 Euro f\u00fcr spezielle Kinder-Nothilfe (Kleidung, Nahrungsmittel etc). Auch die Zevens- und die Manfred-Keppel-Stiftung (je 3.000 Euro) aus dem Kreis Kleve sind mit diesen ma\u00dfgeblichen Hilfsbeitr\u00e4gen mit auf dem Weg nach Syrien.<\/p>\n<p>Am Montagabend, Tag 1 nach den vernichtenden Erdbeben, standen APH bereits 41.000 Euro f\u00fcr die konkrete und zeitnahe Krisenhilfe zur Verf\u00fcgung. Pater Firas Lutfi koordiniert die Hilfsma\u00dfnahmen aus Damaskus. Das Haupteinsatzgebiet der Hilfe von APH wird \u2013 wieder einmal \u2013 Aleppo sein. Hier sind die Franziskaner vor Ort, die f\u00fcr die Stiftung Aktion pro Humanit\u00e4t im Syrien-Krieg bereits vertrauensvolle und dynamische Partner waren. \u201eIch bin in Aleppo und versuche, den Betroffenen nahe zu sein\u201c, so Firas Lutfi. \u201eEs gibt so viel Schmerz und Angst im Herzen eines jeden, es ist so unglaublich, was dieses Erdbeben angerichtet hat. Schlimmer noch als die Zerst\u00f6rung ist die Angst der Menschen, st\u00e4rker noch als die Angst vor dem Krieg. Am Ende des Tages, an dem wir das Erdbeben zweimal gesp\u00fcrt haben, leben die Menschen immer noch in Kirchen, in Moscheen, auf der Stra\u00dfe, in G\u00e4rten und in Autos in K\u00e4lte und Feuchtigkeit\u2026\u201c<\/p>\n<p>\u201eWir stehen f\u00fcr die Planung und Koordinierung der Hilfe auch in Kontakt mit Weihbischof Dr. Stefan Zekorn vom Bistum M\u00fcnster, Weltkirche-Referat. Und nat\u00fcrlich auch mit unserem Kuratoriumsmitglied, Weihbischof Rolf Lohmann, Regionalbischof am Niederrhein. Beide kennen Pater Firas Lutfi und den ernannten Erzbischof Jacques Mourad von deren Besuchen hier am Niederrhein und in M\u00fcnster pers\u00f6nlich\u201c, sagt die APH- Vorsitzenden Dr. Elke Kleuren-Schryvers. Auch beim Bistum M\u00fcnster wurde \u00fcber APH konkrete Hilfe f\u00fcr Syrien angefragt.<\/p>\n<p>Die Not-Hilfe-Allianz vom Niederrhein geht noch weiter. Gemeinsam mit der Pfarrgemeinde St. Marien Kevelaer, die der Aktion sofort nach der Anfrage zustimmte, organisiert das APH-Team eine Sammelaktion auf dem Kevelaerer Kapellenplatz.<\/p>\n<p>Am <strong>Montag, 13. Februar, 10.30-15.30 Uhr<\/strong>, werden vor der Basilika Transporter stehen, betreut von Mitgliedern des APH-Teams, um (saubere, gut erhaltene) Decken, Schlafs\u00e4cke, Winteranoraks (neuwertig), Winterm\u00e4ntel f\u00fcr Kinder und Erwachsene, Isomatten und Babywindeln zum Weitertransport aufzunehmen. Der Verein \u201ehuman plus e.V. Nettetal\u201c wird diese Hilfsg\u00fcter wieder mit Kahlil Kermani von Avicenna e.V. in K\u00f6ln auf den Weg nach Syrien bringen. F\u00fcr die Transporter sorgen u.a. die Firma Mitsubishi Kamps\/Kevelaer und die Firma Tervooren\/Kevelaer-Kervenheim.<\/p>\n<p>Alle, die helfen m\u00f6chten, sind herzlich eingeladen, Spenden zu bringen!<\/p>\n<p>\u201eDie dritte Stufe unserer Hilfe k\u00f6nnte dann eine Art medizinische Wiederaufbauhilfe sein, wie etwa eine mobile Klinik oder konkrete Hilfe f\u00fcr ein Krankenhaus in Aleppo\u201c, so Kleuren-Schryvers. \u201eDazu habe ich Kontakt mit Dr. Binan in Aleppo. Sie ist Psychologin, ihr Mann Arzt. Sie hat im Aleppo zusammen mit Pater Firas f\u00fcr die kriegstraumatisierten Kinder gearbeitet und tut das bis heute. Dr. Binan hat mit den Kindern auch unser Friedenstuch aus Aleppo gestaltet im vergangenen Jahr.\u201c<\/p>\n<p>Wer die \u201eAktion pro Humanit\u00e4t\u201c unterst\u00fctzen m\u00f6chte bei ihrer Hilfe in Syrien kann das tun, etwa \u00fcber das Konto bei der Volksbank an der Niers, DE 39 3206 1384 4330 1300 11.<\/p>\n<\/div><\/section><br \/>\n\n<style type=\"text\/css\" data-created_by=\"avia_inline_auto\" id=\"style-css-av-ldvm93br-68a2b4256d8588c3a450e0156bcdf28f\">\n#top .hr.hr-invisible.av-ldvm93br-68a2b4256d8588c3a450e0156bcdf28f{\nheight:50px;\n}\n<\/style>\n<div  class='hr av-ldvm93br-68a2b4256d8588c3a450e0156bcdf28f hr-invisible  avia-builder-el-5  el_after_av_textblock  avia-builder-el-last'><span class='hr-inner'><span class=\"hr-inner-style\"><\/span><\/span><\/div><\/p><\/div>","protected":false},"excerpt":{"rendered":"","protected":false},"author":6,"featured_media":6683,"comment_status":"closed","ping_status":"closed","sticky":false,"template":"","format":"standard","meta":[],"categories":[40,4],"tags":[],"acf":[],"_links":{"self":[{"href":"https:\/\/pro-humanitaet.de\/fr\/wp-json\/wp\/v2\/posts\/8493"}],"collection":[{"href":"https:\/\/pro-humanitaet.de\/fr\/wp-json\/wp\/v2\/posts"}],"about":[{"href":"https:\/\/pro-humanitaet.de\/fr\/wp-json\/wp\/v2\/types\/post"}],"author":[{"embeddable":true,"href":"https:\/\/pro-humanitaet.de\/fr\/wp-json\/wp\/v2\/users\/6"}],"replies":[{"embeddable":true,"href":"https:\/\/pro-humanitaet.de\/fr\/wp-json\/wp\/v2\/comments?post=8493"}],"version-history":[{"count":14,"href":"https:\/\/pro-humanitaet.de\/fr\/wp-json\/wp\/v2\/posts\/8493\/revisions"}],"predecessor-version":[{"id":8747,"href":"https:\/\/pro-humanitaet.de\/fr\/wp-json\/wp\/v2\/posts\/8493\/revisions\/8747"}],"wp:featuredmedia":[{"embeddable":true,"href":"https:\/\/pro-humanitaet.de\/fr\/wp-json\/wp\/v2\/media\/6683"}],"wp:attachment":[{"href":"https:\/\/pro-humanitaet.de\/fr\/wp-json\/wp\/v2\/media?parent=8493"}],"wp:term":[{"taxonomy":"category","embeddable":true,"href":"https:\/\/pro-humanitaet.de\/fr\/wp-json\/wp\/v2\/categories?post=8493"},{"taxonomy":"post_tag","embeddable":true,"href":"https:\/\/pro-humanitaet.de\/fr\/wp-json\/wp\/v2\/tags?post=8493"}],"curies":[{"name":"wp","href":"https:\/\/api.w.org\/{rel}","templated":true}]}}