{"id":8688,"date":"2023-11-09T03:12:27","date_gmt":"2023-11-09T02:12:27","guid":{"rendered":"https:\/\/pro-humanitaet.de\/?p=8688"},"modified":"2023-11-09T03:12:57","modified_gmt":"2023-11-09T02:12:57","slug":"der-niederrhein-singt-fuer-den-frieden","status":"publish","type":"post","link":"https:\/\/pro-humanitaet.de\/fr\/der-niederrhein-singt-fuer-den-frieden\/","title":{"rendered":"Der Niederrhein singt f\u00fcr den Frieden"},"content":{"rendered":"<style type=\"text\/css\" data-created_by=\"avia_inline_auto\" id=\"style-css-av-loqjn2v3-4de08089aad5c401d6dfce0ac2dcb917\">\n#top .av-special-heading.av-loqjn2v3-4de08089aad5c401d6dfce0ac2dcb917{\npadding-bottom:10px;\n}\nbody .av-special-heading.av-loqjn2v3-4de08089aad5c401d6dfce0ac2dcb917 .av-special-heading-tag .heading-char{\nfont-size:25px;\n}\n.av-special-heading.av-loqjn2v3-4de08089aad5c401d6dfce0ac2dcb917 .av-subheading{\nfont-size:15px;\n}\n<\/style>\n<div  class='av-special-heading av-loqjn2v3-4de08089aad5c401d6dfce0ac2dcb917 av-special-heading-h3  avia-builder-el-0  el_before_av_hr  avia-builder-el-first'><h3 class='av-special-heading-tag'  itemprop=\"headline\"  >Der Niederrhein singt f\u00fcr den Frieden<\/h3><div class=\"special-heading-border\"><div class=\"special-heading-inner-border\"><\/div><\/div><\/div>\n\n<style type=\"text\/css\" data-created_by=\"avia_inline_auto\" id=\"style-css-av-loqjsrc4-fac3f0fe65e6480c4d2603c0097ad11e\">\n#top .hr.hr-invisible.av-loqjsrc4-fac3f0fe65e6480c4d2603c0097ad11e{\nheight:10px;\n}\n<\/style>\n<div  class='hr av-loqjsrc4-fac3f0fe65e6480c4d2603c0097ad11e hr-invisible  avia-builder-el-1  el_after_av_heading  el_before_av_textblock'><span class='hr-inner'><span class=\"hr-inner-style\"><\/span><\/span><\/div>\n<section  class='av_textblock_section av-loqjmsx9-d6fa2c5970272b602f7d7a8add5d1ba9'  itemscope=\"itemscope\" itemtype=\"https:\/\/schema.org\/BlogPosting\" itemprop=\"blogPost\" ><div class='avia_textblock'  itemprop=\"text\" ><p style=\"font-size: clamp(18px, calc(1.125rem + ((1vw - 3.2px) * 0.1695)), 20px);\">HAGIOS Liedernacht in der Marienbasilika in Kevelaer \u2013 Friedenskonzert zugunsten der Aktion pro Humanit\u00e4t<\/p>\n<\/div><\/section>\n\n<style type=\"text\/css\" data-created_by=\"avia_inline_auto\" id=\"style-css-av-loqjzmlf-5f9fabea9e6e5759b238c42efc68983a\">\n#top .hr.hr-invisible.av-loqjzmlf-5f9fabea9e6e5759b238c42efc68983a{\nheight:5px;\n}\n<\/style>\n<div  class='hr av-loqjzmlf-5f9fabea9e6e5759b238c42efc68983a hr-invisible  avia-builder-el-3  el_after_av_textblock  el_before_av_image'><span class='hr-inner'><span class=\"hr-inner-style\"><\/span><\/span><\/div>\n\n<style type=\"text\/css\" data-created_by=\"avia_inline_auto\" id=\"style-css-av-loqjykjw-bc4b01adb5ad23d01adfac6abf3d60b0\">\n.avia-image-container.av-loqjykjw-bc4b01adb5ad23d01adfac6abf3d60b0 img.avia_image{\nbox-shadow:none;\n}\n.avia-image-container.av-loqjykjw-bc4b01adb5ad23d01adfac6abf3d60b0 .av-image-caption-overlay-center{\ncolor:#ffffff;\n}\n<\/style>\n<div  class='avia-image-container av-loqjykjw-bc4b01adb5ad23d01adfac6abf3d60b0 av-styling- avia-align-center  avia-builder-el-4  el_after_av_hr  el_before_av_textblock  av-has-copyright av-copyright-always'   itemprop=\"image\" itemscope=\"itemscope\" itemtype=\"https:\/\/schema.org\/ImageObject\" ><div class=\"avia-image-container-inner\"><div class=\"avia-image-overlay-wrap\"><img decoding=\"async\" class='wp-image-8697 avia-img-lazy-loading-not-8697 avia_image' src=\"https:\/\/pro-humanitaet.de\/wp-content\/uploads\/2023\/11\/helge-Burggrabe-Koelner-Dom.jpg\" alt='' title='helge-Burggrabe,-K\u00f6lner-Dom'  height=\"1280\" width=\"1920\"  itemprop=\"thumbnailUrl\" srcset=\"https:\/\/pro-humanitaet.de\/wp-content\/uploads\/2023\/11\/helge-Burggrabe-Koelner-Dom.jpg 1920w, https:\/\/pro-humanitaet.de\/wp-content\/uploads\/2023\/11\/helge-Burggrabe-Koelner-Dom-300x200.jpg 300w, https:\/\/pro-humanitaet.de\/wp-content\/uploads\/2023\/11\/helge-Burggrabe-Koelner-Dom-1030x687.jpg 1030w, https:\/\/pro-humanitaet.de\/wp-content\/uploads\/2023\/11\/helge-Burggrabe-Koelner-Dom-768x512.jpg 768w, https:\/\/pro-humanitaet.de\/wp-content\/uploads\/2023\/11\/helge-Burggrabe-Koelner-Dom-1536x1024.jpg 1536w, https:\/\/pro-humanitaet.de\/wp-content\/uploads\/2023\/11\/helge-Burggrabe-Koelner-Dom-18x12.jpg 18w, https:\/\/pro-humanitaet.de\/wp-content\/uploads\/2023\/11\/helge-Burggrabe-Koelner-Dom-1500x1000.jpg 1500w, https:\/\/pro-humanitaet.de\/wp-content\/uploads\/2023\/11\/helge-Burggrabe-Koelner-Dom-705x470.jpg 705w\" sizes=\"(max-width: 1920px) 100vw, 1920px\" \/><\/div><small class=\"avia-copyright\">Foto Helge Burggrabe: Kathrin Becker<\/small><\/div><\/div>\n<section  class='av_textblock_section av-loqjnoj8-ed9ca92c0cefb7fa23d5d8785f6c374e'  itemscope=\"itemscope\" itemtype=\"https:\/\/schema.org\/BlogPosting\" itemprop=\"blogPost\" ><div class='avia_textblock'  itemprop=\"text\" ><p>Zu einem stimm- und stimmungsstarken Friedenskonzert l\u00e4dt die Kevelaerer Aktion pro Humanit\u00e4t (APH) \u00a0f\u00fcr <strong>Freitag, 17. November, 19.30 Uhr<\/strong>, in die Kevelaerer Basilika ein. Alle, die Spa\u00df am Singen haben, sind herzlich ermuntert, sich zu einem gro\u00dfen Friedenschor zusammenzufinden. Helge Burggrabe, Musiker und Komponist und Gr\u00fcnder der \u201eHagios Liedern\u00e4chte\u201c, schenkt APH wieder ein Friedenskonzert \u2013 dieses Mal m\u00f6chte APH einem Projekt im Heiligen Land helfen: Seit vielen Jahren unterst\u00fctzt APH das Pflegeheim Beit Emmaus, das seit 2002 von der \u00f6sterreichischen Ordensfrau Schwester Hildegard Enzenhofer\u00a0 gegr\u00fcndet wurde \u2013 etwa 30 Frauen mit Behinderungen und altersbedingten Krankheiten und Gebrechen leben dort und werden versorgt \u2013 gleich welcher Religion sie angeh\u00f6ren.\u00a0 Das Beit Emmaus (Haus Emmaus) liegt in dem kleinen Dorf Al Qubeibeh im Westjordanland \u2013 etwa 30 Kilometer von Jerusalem und 80 Kilometer von Gaza entfernt.<\/p>\n<p>Die Hagios-Liedernacht ist ein Mitsing-Konzertprojekt, das von kontemplativer Stille bis zu kraftvollem, vielstimmigem Gesang reicht. Motto des Abends in Kevelaer: Pace et bene \u2013 Frieden und Liebe.<\/p>\n<p>Hagios-\u201eErfinder\u201c Helge Burggrabe (er lebt in Fischerhude bei Bremen) m\u00f6chte Kunst und Spiritualit\u00e4t verbinden. Kirche soll sich in einen gro\u00dfen Klangraum verwandeln \u2013 und jeder und jede kann dabei sein. Helge Burggrabe realisierte bereits viele innovative Kulturprojekte in gro\u00dfen Sakralr\u00e4umen wie der Kathedrale von Chartres, der Dresdner Frauenkirche, im K\u00f6lner Dom oder im Pantheon in Rom. Er gestaltete bislang mehr als 60 Hagios-Mitsingkonzerte mit tausenden Mits\u00e4nger- und -innen. Im letzten Jahr war er f\u00fcr APH bereits im Xantener Dom zu Gast, nun kommt er nach Kevelaer.<\/p>\n<p>\u201eJede und jeder ist herzlich willkommen, es gibt an diesen Hagios-Abenden keine falschen T\u00f6ne&#8220;, sagt Helge Burggrabe. \u201eHagios-Konzerte laden in aller Offenheit und Ruhe zum Innehalten, Lauschen und Mitsingen ein. Nicht der perfekte Gesang pr\u00e4gt das Miteinander, sondern die Freude, sich ber\u00fchren zu lassen von der eigenen Stimme als Ausdrucksm\u00f6glichkeit der Seele, vom Miteinander im sakralen Raum.\u201c<\/p>\n<p>APH ruft nun alle Sangesfreudigen auf, beim Kevelaerer Hagioskonzert mitzumachen. \u00a0S\u00e4ngerinnen und S\u00e4nger aus Ch\u00f6ren, aus Vereinen, Menschen, die gerne singen, mi summen oder einfach gerne zuh\u00f6ren. \u00a0Und nat\u00fcrlich kann auch mitsingen, wer nicht in einem Chor organisiert ist. Es sind keine Trainingsrunden vonn\u00f6ten. Zugesagt hat schon Chorleiter Sebastian Piel, der mit den jungen M\u00e4nnerstimmen des Knabenchors Kevelaer dabei sein wird.<\/p>\n<p>Wer Lust hat, auch dabei zu sein, schickt gerne eine Mail an <a id=\"LPlnk796896\" href=\"mailto:aktionph@gmail.com\" data-linkindex=\"0\">aktionph@gmail.com<\/a>\u00a0\u2013 eine Anmeldung ist nicht n\u00f6tig, aber es hilft dem Organisationsteam\u00a0 einzusch\u00e4tzen, wie viele Liedzettel etc. vorbereitet werden m\u00fcssen. F\u00fcr die stimmungsvolle Beleuchtung und den richtigen Ton sorgt wieder Tim Kelm mit seiner Firma Lighton.<\/p>\n<p>Der Eintritt zum Hagios-Friedenskonzert ist frei. Im Sinne der Benefiz-Intention des Hagios- Mitsingkonzertes wird eine Spende erbeten.<\/p>\n<\/div><\/section>\n\n<style type=\"text\/css\" data-created_by=\"avia_inline_auto\" id=\"style-css-av-loqjurx7-7d939875113a181df0fb86c0bda9e622\">\n#top .hr.hr-invisible.av-loqjurx7-7d939875113a181df0fb86c0bda9e622{\nheight:30px;\n}\n<\/style>\n<div  class='hr av-loqjurx7-7d939875113a181df0fb86c0bda9e622 hr-invisible  avia-builder-el-6  el_after_av_textblock  el_before_av_icon_box'><span class='hr-inner'><span class=\"hr-inner-style\"><\/span><\/span><\/div>\n\n<style type=\"text\/css\" data-created_by=\"avia_inline_auto\" id=\"style-css-av-loqjqxpm-64a8ebc1a3ea5cb6299c83ae7b5c70e1\">\n.iconbox.av-loqjqxpm-64a8ebc1a3ea5cb6299c83ae7b5c70e1 .iconbox_icon{\nbackground-color:#f4fbff;\nborder:1px solid #ededed;\ncolor:#3b5470;\n}\n#top #wrap_all .iconbox.av-loqjqxpm-64a8ebc1a3ea5cb6299c83ae7b5c70e1 .iconbox_content_title{\ncolor:#2b2b2b;\n}\n<\/style>\n<article  id=\"info-syrien\"  class='iconbox iconbox_top av-loqjqxpm-64a8ebc1a3ea5cb6299c83ae7b5c70e1  avia-builder-el-7  el_after_av_hr  el_before_av_hr  main_color'  itemscope=\"itemscope\" itemtype=\"https:\/\/schema.org\/BlogPosting\" itemprop=\"blogPost\" ><div class=\"iconbox_content\"><header class=\"entry-content-header\"><div class=\"iconbox_icon heading-color\" aria-hidden='true' data-av_icon='\ue81e' data-av_iconfont='entypo-fontello'><\/div><\/header><div class='iconbox_content_container'  itemprop=\"text\" ><p style=\"text-align: left;\"><strong style=\"color: #3b5470;\">Die HAGIOS Idee<\/strong><\/p>\n<p style=\"text-align: left;\">Inspiriert durch das altgriechische Wort Hagios f\u00fcr das \u201eHeilige, das Nichtnennbare, auf das alle Religionen ausgerichtet sind, entwickelt der Komponist Helge Burggrabe seit 2015 einen Liederfundus, der die alte Gesang-Tradition der Kl\u00f6ster und Gemeinschaften wie Taiz\u00e9 in neuer Weise fortf\u00fchrt. Nicht der perfekte Gesang pr\u00e4gt das Miteinander, sondern die Freude, sich ber\u00fchren zu lassen \u2013 von der eigenen Stimme als Ausdrucksm\u00f6glichkeit der Seele, vom Miteinander im sakralen Raum. Der Video-Clip \u201ePace et bene\u201c auf Youtube gibt einen Einblick.<\/p>\n<\/div><\/div><footer class=\"entry-footer\"><\/footer><\/article>\n\n<style type=\"text\/css\" data-created_by=\"avia_inline_auto\" id=\"style-css-av-loqjz1yr-54bee5832e97793b4c31608967492872\">\n#top .hr.hr-invisible.av-loqjz1yr-54bee5832e97793b4c31608967492872{\nheight:40px;\n}\n<\/style>\n<div  class='hr av-loqjz1yr-54bee5832e97793b4c31608967492872 hr-invisible  avia-builder-el-8  el_after_av_icon_box  avia-builder-el-last'><span class='hr-inner'><span class=\"hr-inner-style\"><\/span><\/span><\/div>","protected":false},"excerpt":{"rendered":"","protected":false},"author":6,"featured_media":8697,"comment_status":"closed","ping_status":"closed","sticky":false,"template":"","format":"standard","meta":[],"categories":[1,40,4],"tags":[],"acf":[],"_links":{"self":[{"href":"https:\/\/pro-humanitaet.de\/fr\/wp-json\/wp\/v2\/posts\/8688"}],"collection":[{"href":"https:\/\/pro-humanitaet.de\/fr\/wp-json\/wp\/v2\/posts"}],"about":[{"href":"https:\/\/pro-humanitaet.de\/fr\/wp-json\/wp\/v2\/types\/post"}],"author":[{"embeddable":true,"href":"https:\/\/pro-humanitaet.de\/fr\/wp-json\/wp\/v2\/users\/6"}],"replies":[{"embeddable":true,"href":"https:\/\/pro-humanitaet.de\/fr\/wp-json\/wp\/v2\/comments?post=8688"}],"version-history":[{"count":10,"href":"https:\/\/pro-humanitaet.de\/fr\/wp-json\/wp\/v2\/posts\/8688\/revisions"}],"predecessor-version":[{"id":8701,"href":"https:\/\/pro-humanitaet.de\/fr\/wp-json\/wp\/v2\/posts\/8688\/revisions\/8701"}],"wp:featuredmedia":[{"embeddable":true,"href":"https:\/\/pro-humanitaet.de\/fr\/wp-json\/wp\/v2\/media\/8697"}],"wp:attachment":[{"href":"https:\/\/pro-humanitaet.de\/fr\/wp-json\/wp\/v2\/media?parent=8688"}],"wp:term":[{"taxonomy":"category","embeddable":true,"href":"https:\/\/pro-humanitaet.de\/fr\/wp-json\/wp\/v2\/categories?post=8688"},{"taxonomy":"post_tag","embeddable":true,"href":"https:\/\/pro-humanitaet.de\/fr\/wp-json\/wp\/v2\/tags?post=8688"}],"curies":[{"name":"wp","href":"https:\/\/api.w.org\/{rel}","templated":true}]}}