{"id":8707,"date":"2023-12-11T12:08:23","date_gmt":"2023-12-11T11:08:23","guid":{"rendered":"https:\/\/pro-humanitaet.de\/?p=8707"},"modified":"2023-12-11T12:08:23","modified_gmt":"2023-12-11T11:08:23","slug":"mobile-praxis-soll-20-000-menschen-in-der-syrischen-wueste-medizinisch-versorgen","status":"publish","type":"post","link":"https:\/\/pro-humanitaet.de\/fr\/mobile-praxis-soll-20-000-menschen-in-der-syrischen-wueste-medizinisch-versorgen\/","title":{"rendered":"Mobile Praxis soll 20.000 Menschen in der syrischen W\u00fcste medizinisch versorgen"},"content":{"rendered":"<style type=\"text\/css\" data-created_by=\"avia_inline_auto\" id=\"style-css-av-lq0pw7dd-e5e335528fd183cd118bbe0df44426dc\">\n#top .av-special-heading.av-lq0pw7dd-e5e335528fd183cd118bbe0df44426dc{\npadding-bottom:10px;\n}\nbody .av-special-heading.av-lq0pw7dd-e5e335528fd183cd118bbe0df44426dc .av-special-heading-tag .heading-char{\nfont-size:25px;\n}\n.av-special-heading.av-lq0pw7dd-e5e335528fd183cd118bbe0df44426dc .av-subheading{\nfont-size:15px;\n}\n<\/style>\n<div  class='av-special-heading av-lq0pw7dd-e5e335528fd183cd118bbe0df44426dc av-special-heading-h3  avia-builder-el-0  el_before_av_hr  avia-builder-el-first'><h3 class='av-special-heading-tag'  itemprop=\"headline\"  >Mobile Praxis soll 20.000 Menschen in der syrischen W\u00fcste medizinisch versorgen<\/h3><div class=\"special-heading-border\"><div class=\"special-heading-inner-border\"><\/div><\/div><\/div>\n\n<style type=\"text\/css\" data-created_by=\"avia_inline_auto\" id=\"style-css-av-lq0t5hmr-087ed16e8687a8d81459d835d5e012aa\">\n#top .hr.hr-invisible.av-lq0t5hmr-087ed16e8687a8d81459d835d5e012aa{\nheight:20px;\n}\n<\/style>\n<div  class='hr av-lq0t5hmr-087ed16e8687a8d81459d835d5e012aa hr-invisible  avia-builder-el-1  el_after_av_heading  el_before_av_textblock'><span class='hr-inner'><span class=\"hr-inner-style\"><\/span><\/span><\/div>\n<section  class='av_textblock_section av-lq0smczi-490f4179b72b784c86beaee363e81356'  itemscope=\"itemscope\" itemtype=\"https:\/\/schema.org\/BlogPosting\" itemprop=\"blogPost\" ><div class='avia_textblock'  itemprop=\"text\" ><p style=\"font-size: clamp(18px, calc(1.125rem + ((1vw - 3.2px) * 0.1695)), 20px);\">APH startet Spenden-Aktion \u2013 Erzbischof Jacques Mourad k\u00fcmmert sich\u00a0vor\u00a0Ort<\/p>\n<\/div><\/section>\n\n<style type=\"text\/css\" data-created_by=\"avia_inline_auto\" id=\"style-css-av-lq0t5o0z-d1009dee264701e4e8642b48a2e1e98b\">\n#top .hr.hr-invisible.av-lq0t5o0z-d1009dee264701e4e8642b48a2e1e98b{\nheight:5px;\n}\n<\/style>\n<div  class='hr av-lq0t5o0z-d1009dee264701e4e8642b48a2e1e98b hr-invisible  avia-builder-el-3  el_after_av_textblock  el_before_av_textblock'><span class='hr-inner'><span class=\"hr-inner-style\"><\/span><\/span><\/div>\n<section  class='av_textblock_section av-lq0pxxce-2e960c61e5f5440443629ea352827fde'  itemscope=\"itemscope\" itemtype=\"https:\/\/schema.org\/BlogPosting\" itemprop=\"blogPost\" ><div class='avia_textblock'  itemprop=\"text\" ><p><strong>Kevelaer.<\/strong> Mit einem ehrgeizigen Projekt startet die Aktion pro Humanit\u00e4t (APH) in die Weihnachtszeit. Syrien geh\u00f6rt neben den afrikanischen Haupteinsatzgebieten der APH inzwischen zu einem weiteren Schwerpunktland im Bereich der humanit\u00e4ren Hilfe. Und genau dort soll in einer abgelegenen und von Krieg und Armut besonders heftig betroffenen Region medizinische Hilfe vom Niederrhein ankommen. APH m\u00f6chte eine mobile Klinik, ein medizinisch ausger\u00fcstetes Einsatzfahrzeug, auf den Weg bringen. \u201eUnd dazu brauchen wir Ihrer aller Hilfe\u201c, so APH-Vorsitzende Dr. Elke Kleuren-Schryvers.<\/p>\n<p><img decoding=\"async\" loading=\"lazy\" class=\"wp-image-8714 alignright\" src=\"https:\/\/pro-humanitaet.de\/wp-content\/uploads\/2023\/12\/Jaques-Mourad-und-Elke-Kleuren-Schryvers-2021-nahe-Rom3.jpg\" alt=\"\" width=\"232\" height=\"533\" srcset=\"https:\/\/pro-humanitaet.de\/wp-content\/uploads\/2023\/12\/Jaques-Mourad-und-Elke-Kleuren-Schryvers-2021-nahe-Rom3.jpg 435w, https:\/\/pro-humanitaet.de\/wp-content\/uploads\/2023\/12\/Jaques-Mourad-und-Elke-Kleuren-Schryvers-2021-nahe-Rom3-131x300.jpg 131w, https:\/\/pro-humanitaet.de\/wp-content\/uploads\/2023\/12\/Jaques-Mourad-und-Elke-Kleuren-Schryvers-2021-nahe-Rom3-5x12.jpg 5w, https:\/\/pro-humanitaet.de\/wp-content\/uploads\/2023\/12\/Jaques-Mourad-und-Elke-Kleuren-Schryvers-2021-nahe-Rom3-307x705.jpg 307w\" sizes=\"(max-width: 232px) 100vw, 232px\" \/><\/p>\n<p>Die ambulante Gesundheitsversorgung wird dann etwa 20.000 Menschen erreichen und betreuen k\u00f6nnen. \u201eF\u00fcr viele Menschen ist der Zugang zu einer solchen mobilen Klinik die einzige Quelle der Gesundheitsversorgung\u201c, so APH-Vorstandsmitglied Dr. R\u00fcdiger Kerner (Marienhospital Kevelaer). Dabei arbeitet APH wieder eng mit dem Erzbischof Jacques Mourad zusammen, den das APH-Team nach seiner Befreiung aus der IS-Geiselhaft kennenlernte und seitdem immer wieder unterst\u00fctzt, zuletzt u.a. mit Nahrungsmittelhilfen nach dem j\u00fcngsten Erdbeben.\u00a0 Jacques Mourad kehrte nach seiner Genesung von den Folgen der Geiselhaft wieder in seine Heimat zur\u00fcck, in eben jene Region, wo er vom IS entf\u00fchrt worden war. Er baute das zerst\u00f6rte Kloster Mar Musa wieder auf. Im M\u00e4rz dieses Jahres wurde er zum Erzbischof von Homs ernannt, jenes Bistum, in dem das Kloster Mar Musa liegt.\u00a0 Und er k\u00fcmmert sich h\u00f6chstpers\u00f6nlich um das von der APH nun angeschobene Projekt \u201emobile Praxis\u201c.<\/p>\n<p>\u201eDie Menschen in der Erzdi\u00f6zese Homs, Hama und Nabk in Syrien leben weiter in der Situation eines Embargos. Nach einem \u00fcber ein Jahrzehnt dauernden Krieg und einem schrecklichen Erdbeben in vielen Teilen Syriens sind sie vor den gro\u00dfen, aktuellen kriegerischen Auseinandersetzungen in unserer Welt nahezu in Vergessenheit geraten\u201c, so Kleuren-Schryvers.<\/p>\n<\/div><\/section>\n\n<style type=\"text\/css\" data-created_by=\"avia_inline_auto\" id=\"style-css-av-lq0sxz25-f02c32f06820e505cd88340c6983fea4\">\n#top .avia-gallery.av-lq0sxz25-f02c32f06820e505cd88340c6983fea4 .avia-gallery-thumb a{\nwidth:50%;\n}\n<\/style>\n<div  class='avia-gallery av-lq0sxz25-f02c32f06820e505cd88340c6983fea4 avia_animate_when_visible  avia-builder-el-5  el_after_av_textblock  el_before_av_textblock  avia_lazyload avia-gallery-animate avia-gallery-1'  itemprop=\"image\" itemscope=\"itemscope\" itemtype=\"https:\/\/schema.org\/ImageObject\" ><meta itemprop=\"contentURL\" content=\"https:\/\/pro-humanitaet.de\/fr\/mobile-praxis-soll-20-000-menschen-in-der-syrischen-wueste-medizinisch-versorgen\/\"><div class='avia-gallery-thumb'><a href=\"https:\/\/pro-humanitaet.de\/wp-content\/uploads\/2023\/12\/vieles-ist-zerstoert.jpg\" data-srcset=\"https:\/\/pro-humanitaet.de\/wp-content\/uploads\/2023\/12\/vieles-ist-zerstoert.jpg 768w, https:\/\/pro-humanitaet.de\/wp-content\/uploads\/2023\/12\/vieles-ist-zerstoert-225x300.jpg 225w, https:\/\/pro-humanitaet.de\/wp-content\/uploads\/2023\/12\/vieles-ist-zerstoert-9x12.jpg 9w, https:\/\/pro-humanitaet.de\/wp-content\/uploads\/2023\/12\/vieles-ist-zerstoert-529x705.jpg 529w\" data-sizes=\"(max-width: 768px) 100vw, 768px\" data-rel='gallery-1' data-prev-img='https:\/\/pro-humanitaet.de\/wp-content\/uploads\/2023\/12\/vieles-ist-zerstoert-495x400.jpg' class='first_thumb lightbox' data-onclick='1' title='vieles ist zerst\u00f6rt'  itemprop=\"thumbnailUrl\"  ><img decoding=\"async\" class=\"wp-image-8717 avia-img-lazy-loading-not-8717\"   src=\"https:\/\/pro-humanitaet.de\/wp-content\/uploads\/2023\/12\/vieles-ist-zerstoert-495x400.jpg\" width=\"495\" height=\"400\"  title='vieles ist zerst\u00f6rt' alt='' \/><div class='big-prev-fake'><img decoding=\"async\" loading=\"lazy\" class=\"wp-image-8717 avia-img-lazy-loading-8717\"  width=\"495\" height=\"400\" src=\"https:\/\/pro-humanitaet.de\/wp-content\/uploads\/2023\/12\/vieles-ist-zerstoert-495x400.jpg\" title='vieles ist zerst\u00f6rt' alt='' \/><\/div><\/a><a href=\"https:\/\/pro-humanitaet.de\/wp-content\/uploads\/2023\/12\/das-soll-das-Einsatzgebiet-sein-1030x773.jpg\" data-srcset=\"https:\/\/pro-humanitaet.de\/wp-content\/uploads\/2023\/12\/das-soll-das-Einsatzgebiet-sein-1030x773.jpg 1030w, https:\/\/pro-humanitaet.de\/wp-content\/uploads\/2023\/12\/das-soll-das-Einsatzgebiet-sein-300x225.jpg 300w, https:\/\/pro-humanitaet.de\/wp-content\/uploads\/2023\/12\/das-soll-das-Einsatzgebiet-sein-768x576.jpg 768w, https:\/\/pro-humanitaet.de\/wp-content\/uploads\/2023\/12\/das-soll-das-Einsatzgebiet-sein-1536x1152.jpg 1536w, https:\/\/pro-humanitaet.de\/wp-content\/uploads\/2023\/12\/das-soll-das-Einsatzgebiet-sein-16x12.jpg 16w, https:\/\/pro-humanitaet.de\/wp-content\/uploads\/2023\/12\/das-soll-das-Einsatzgebiet-sein-1500x1125.jpg 1500w, https:\/\/pro-humanitaet.de\/wp-content\/uploads\/2023\/12\/das-soll-das-Einsatzgebiet-sein-705x529.jpg 705w, https:\/\/pro-humanitaet.de\/wp-content\/uploads\/2023\/12\/das-soll-das-Einsatzgebiet-sein.jpg 1600w\" data-sizes=\"(max-width: 1030px) 100vw, 1030px\" data-rel='gallery-1' data-prev-img='https:\/\/pro-humanitaet.de\/wp-content\/uploads\/2023\/12\/das-soll-das-Einsatzgebiet-sein-495x400.jpg' class='lightbox' data-onclick='2' title='das soll das Einsatzgebiet sein'  itemprop=\"thumbnailUrl\"  ><img decoding=\"async\" class=\"wp-image-8716 avia-img-lazy-loading-not-8716\"   src=\"https:\/\/pro-humanitaet.de\/wp-content\/uploads\/2023\/12\/das-soll-das-Einsatzgebiet-sein-495x400.jpg\" width=\"495\" height=\"400\"  title='das soll das Einsatzgebiet sein' alt='' srcset=\"https:\/\/pro-humanitaet.de\/wp-content\/uploads\/2023\/12\/das-soll-das-Einsatzgebiet-sein-495x400.jpg 495w, https:\/\/pro-humanitaet.de\/wp-content\/uploads\/2023\/12\/das-soll-das-Einsatzgebiet-sein-16x12.jpg 16w, https:\/\/pro-humanitaet.de\/wp-content\/uploads\/2023\/12\/das-soll-das-Einsatzgebiet-sein-845x684.jpg 845w\" sizes=\"(max-width: 495px) 100vw, 495px\" \/><div class='big-prev-fake'><img decoding=\"async\" loading=\"lazy\" class=\"wp-image-8716 avia-img-lazy-loading-8716\"  width=\"495\" height=\"400\" src=\"https:\/\/pro-humanitaet.de\/wp-content\/uploads\/2023\/12\/das-soll-das-Einsatzgebiet-sein-495x400.jpg\" title='das soll das Einsatzgebiet sein' alt='' srcset=\"https:\/\/pro-humanitaet.de\/wp-content\/uploads\/2023\/12\/das-soll-das-Einsatzgebiet-sein-495x400.jpg 495w, https:\/\/pro-humanitaet.de\/wp-content\/uploads\/2023\/12\/das-soll-das-Einsatzgebiet-sein-16x12.jpg 16w, https:\/\/pro-humanitaet.de\/wp-content\/uploads\/2023\/12\/das-soll-das-Einsatzgebiet-sein-845x684.jpg 845w\" sizes=\"(max-width: 495px) 100vw, 495px\" \/><\/div><\/a><\/div><\/div>\n<section  class='av_textblock_section av-lq0swf3v-3c03946ad995d457bf083c5bfe46c78a'  itemscope=\"itemscope\" itemtype=\"https:\/\/schema.org\/BlogPosting\" itemprop=\"blogPost\" ><div class='avia_textblock'  itemprop=\"text\" ><p>\u201eEine medizinische Versorgung f\u00fcr die Menschen in der \u00f6stlichen Randregion der Erzdi\u00f6zese Homs ist zurzeit nahezu unm\u00f6glich\u201c, so Mgr. Mourad. Die mobile Praxis soll die Regionen und St\u00e4dte von Al-Quaryateyn, Sadad, al Hafar versorgen.\u00a0 Dort leben etwa 20.000 Menschen.<br \/>\nEin gebrauchtes Allradfahrzeug hat APH bereits erwerben k\u00f6nnen \u2013 das muss nun noch umgebaut und mit medizinischer Ausr\u00fcstung ausgestattet werden. \u00a0Die Medizin-Technik an Bord der mobilen Praxis soll \u00fcber EKG, Sonographie, Pulsoxymetrie, O2-Versorgungsm\u00f6glichkeit, Labor, telemedizinische Anbindungsm\u00f6glichkeit, Medikamente, Infusionen, Verbandsmaterialien verf\u00fcgen und auch eine kleine Chirurgie m\u00f6glich machen.<\/p>\n<\/div><\/section>\n\n<style type=\"text\/css\" data-created_by=\"avia_inline_auto\" id=\"style-css-av-lq0syle5-a888773e7f221ea924be5502920ab5a4\">\n#top .avia-gallery.av-lq0syle5-a888773e7f221ea924be5502920ab5a4 .avia-gallery-thumb a{\nwidth:33.3333%;\n}\n<\/style>\n<div  class='avia-gallery av-lq0syle5-a888773e7f221ea924be5502920ab5a4 avia_animate_when_visible  avia-builder-el-7  el_after_av_textblock  el_before_av_textblock  avia_lazyload avia-gallery-animate avia-gallery-2'  itemprop=\"image\" itemscope=\"itemscope\" itemtype=\"https:\/\/schema.org\/ImageObject\" ><meta itemprop=\"contentURL\" content=\"https:\/\/pro-humanitaet.de\/fr\/mobile-praxis-soll-20-000-menschen-in-der-syrischen-wueste-medizinisch-versorgen\/\"><div class='avia-gallery-thumb'><a href=\"https:\/\/pro-humanitaet.de\/wp-content\/uploads\/2023\/12\/das-soll-die-mobile-Praxis-werden2.jpg\" data-srcset=\"https:\/\/pro-humanitaet.de\/wp-content\/uploads\/2023\/12\/das-soll-die-mobile-Praxis-werden2.jpg 1000w, https:\/\/pro-humanitaet.de\/wp-content\/uploads\/2023\/12\/das-soll-die-mobile-Praxis-werden2-300x262.jpg 300w, https:\/\/pro-humanitaet.de\/wp-content\/uploads\/2023\/12\/das-soll-die-mobile-Praxis-werden2-768x671.jpg 768w, https:\/\/pro-humanitaet.de\/wp-content\/uploads\/2023\/12\/das-soll-die-mobile-Praxis-werden2-14x12.jpg 14w, https:\/\/pro-humanitaet.de\/wp-content\/uploads\/2023\/12\/das-soll-die-mobile-Praxis-werden2-705x616.jpg 705w\" data-sizes=\"(max-width: 1000px) 100vw, 1000px\" data-rel='gallery-2' data-prev-img='https:\/\/pro-humanitaet.de\/wp-content\/uploads\/2023\/12\/das-soll-die-mobile-Praxis-werden2-495x400.jpg' class='first_thumb lightbox' data-onclick='1' title='Das soll die mobile Praxis werden'  itemprop=\"thumbnailUrl\"  ><img decoding=\"async\" class=\"wp-image-8718 avia-img-lazy-loading-not-8718\"   src=\"https:\/\/pro-humanitaet.de\/wp-content\/uploads\/2023\/12\/das-soll-die-mobile-Praxis-werden2-495x400.jpg\" width=\"495\" height=\"400\"  title='Das soll die mobile Praxis werden' alt='' srcset=\"https:\/\/pro-humanitaet.de\/wp-content\/uploads\/2023\/12\/das-soll-die-mobile-Praxis-werden2-495x400.jpg 495w, https:\/\/pro-humanitaet.de\/wp-content\/uploads\/2023\/12\/das-soll-die-mobile-Praxis-werden2-14x12.jpg 14w, https:\/\/pro-humanitaet.de\/wp-content\/uploads\/2023\/12\/das-soll-die-mobile-Praxis-werden2-845x684.jpg 845w\" sizes=\"(max-width: 495px) 100vw, 495px\" \/><div class='big-prev-fake'><img decoding=\"async\" loading=\"lazy\" class=\"wp-image-8718 avia-img-lazy-loading-8718\"  width=\"495\" height=\"400\" src=\"https:\/\/pro-humanitaet.de\/wp-content\/uploads\/2023\/12\/das-soll-die-mobile-Praxis-werden2-495x400.jpg\" title='Das soll die mobile Praxis werden' alt='' srcset=\"https:\/\/pro-humanitaet.de\/wp-content\/uploads\/2023\/12\/das-soll-die-mobile-Praxis-werden2-495x400.jpg 495w, https:\/\/pro-humanitaet.de\/wp-content\/uploads\/2023\/12\/das-soll-die-mobile-Praxis-werden2-14x12.jpg 14w, https:\/\/pro-humanitaet.de\/wp-content\/uploads\/2023\/12\/das-soll-die-mobile-Praxis-werden2-845x684.jpg 845w\" sizes=\"(max-width: 495px) 100vw, 495px\" \/><\/div><\/a><a href=\"https:\/\/pro-humanitaet.de\/wp-content\/uploads\/2023\/12\/Entwurf-Umbau-2-1030x729.jpg\" data-srcset=\"https:\/\/pro-humanitaet.de\/wp-content\/uploads\/2023\/12\/Entwurf-Umbau-2-1030x729.jpg 1030w, https:\/\/pro-humanitaet.de\/wp-content\/uploads\/2023\/12\/Entwurf-Umbau-2-300x212.jpg 300w, https:\/\/pro-humanitaet.de\/wp-content\/uploads\/2023\/12\/Entwurf-Umbau-2-768x543.jpg 768w, https:\/\/pro-humanitaet.de\/wp-content\/uploads\/2023\/12\/Entwurf-Umbau-2-1536x1086.jpg 1536w, https:\/\/pro-humanitaet.de\/wp-content\/uploads\/2023\/12\/Entwurf-Umbau-2-18x12.jpg 18w, https:\/\/pro-humanitaet.de\/wp-content\/uploads\/2023\/12\/Entwurf-Umbau-2-1500x1061.jpg 1500w, https:\/\/pro-humanitaet.de\/wp-content\/uploads\/2023\/12\/Entwurf-Umbau-2-260x185.jpg 260w, https:\/\/pro-humanitaet.de\/wp-content\/uploads\/2023\/12\/Entwurf-Umbau-2-705x499.jpg 705w, https:\/\/pro-humanitaet.de\/wp-content\/uploads\/2023\/12\/Entwurf-Umbau-2.jpg 1920w\" data-sizes=\"(max-width: 1030px) 100vw, 1030px\" data-rel='gallery-2' data-prev-img='https:\/\/pro-humanitaet.de\/wp-content\/uploads\/2023\/12\/Entwurf-Umbau-2-495x400.jpg' class='lightbox' data-onclick='2' title='Entwurf zum Umbau des Autos'  itemprop=\"thumbnailUrl\"  ><img decoding=\"async\" class=\"wp-image-8720 avia-img-lazy-loading-not-8720\"   src=\"https:\/\/pro-humanitaet.de\/wp-content\/uploads\/2023\/12\/Entwurf-Umbau-2-495x400.jpg\" width=\"495\" height=\"400\"  title='Entwurf zum Umbau des Autos' alt='' srcset=\"https:\/\/pro-humanitaet.de\/wp-content\/uploads\/2023\/12\/Entwurf-Umbau-2-495x400.jpg 495w, https:\/\/pro-humanitaet.de\/wp-content\/uploads\/2023\/12\/Entwurf-Umbau-2-845x684.jpg 845w\" sizes=\"(max-width: 495px) 100vw, 495px\" \/><div class='big-prev-fake'><img decoding=\"async\" loading=\"lazy\" class=\"wp-image-8720 avia-img-lazy-loading-8720\"  width=\"495\" height=\"400\" src=\"https:\/\/pro-humanitaet.de\/wp-content\/uploads\/2023\/12\/Entwurf-Umbau-2-495x400.jpg\" title='Entwurf zum Umbau des Autos' alt='' srcset=\"https:\/\/pro-humanitaet.de\/wp-content\/uploads\/2023\/12\/Entwurf-Umbau-2-495x400.jpg 495w, https:\/\/pro-humanitaet.de\/wp-content\/uploads\/2023\/12\/Entwurf-Umbau-2-845x684.jpg 845w\" sizes=\"(max-width: 495px) 100vw, 495px\" \/><\/div><\/a><a href=\"https:\/\/pro-humanitaet.de\/wp-content\/uploads\/2023\/12\/Entwurf-zum-Umbau-des-Autos1-1030x729.jpg\" data-srcset=\"https:\/\/pro-humanitaet.de\/wp-content\/uploads\/2023\/12\/Entwurf-zum-Umbau-des-Autos1-1030x729.jpg 1030w, https:\/\/pro-humanitaet.de\/wp-content\/uploads\/2023\/12\/Entwurf-zum-Umbau-des-Autos1-300x212.jpg 300w, https:\/\/pro-humanitaet.de\/wp-content\/uploads\/2023\/12\/Entwurf-zum-Umbau-des-Autos1-768x543.jpg 768w, https:\/\/pro-humanitaet.de\/wp-content\/uploads\/2023\/12\/Entwurf-zum-Umbau-des-Autos1-1536x1086.jpg 1536w, https:\/\/pro-humanitaet.de\/wp-content\/uploads\/2023\/12\/Entwurf-zum-Umbau-des-Autos1-18x12.jpg 18w, https:\/\/pro-humanitaet.de\/wp-content\/uploads\/2023\/12\/Entwurf-zum-Umbau-des-Autos1-1500x1061.jpg 1500w, https:\/\/pro-humanitaet.de\/wp-content\/uploads\/2023\/12\/Entwurf-zum-Umbau-des-Autos1-260x185.jpg 260w, https:\/\/pro-humanitaet.de\/wp-content\/uploads\/2023\/12\/Entwurf-zum-Umbau-des-Autos1-705x499.jpg 705w, https:\/\/pro-humanitaet.de\/wp-content\/uploads\/2023\/12\/Entwurf-zum-Umbau-des-Autos1.jpg 1920w\" data-sizes=\"(max-width: 1030px) 100vw, 1030px\" data-rel='gallery-2' data-prev-img='https:\/\/pro-humanitaet.de\/wp-content\/uploads\/2023\/12\/Entwurf-zum-Umbau-des-Autos1-495x400.jpg' class='lightbox' data-onclick='3' title='Entwurf zum Umbau des Autos'  itemprop=\"thumbnailUrl\"  ><img decoding=\"async\" class=\"wp-image-8721 avia-img-lazy-loading-not-8721\"   src=\"https:\/\/pro-humanitaet.de\/wp-content\/uploads\/2023\/12\/Entwurf-zum-Umbau-des-Autos1-495x400.jpg\" width=\"495\" height=\"400\"  title='Entwurf zum Umbau des Autos' alt='' srcset=\"https:\/\/pro-humanitaet.de\/wp-content\/uploads\/2023\/12\/Entwurf-zum-Umbau-des-Autos1-495x400.jpg 495w, https:\/\/pro-humanitaet.de\/wp-content\/uploads\/2023\/12\/Entwurf-zum-Umbau-des-Autos1-845x684.jpg 845w\" sizes=\"(max-width: 495px) 100vw, 495px\" \/><div class='big-prev-fake'><img decoding=\"async\" loading=\"lazy\" class=\"wp-image-8721 avia-img-lazy-loading-8721\"  width=\"495\" height=\"400\" src=\"https:\/\/pro-humanitaet.de\/wp-content\/uploads\/2023\/12\/Entwurf-zum-Umbau-des-Autos1-495x400.jpg\" title='Entwurf zum Umbau des Autos' alt='' srcset=\"https:\/\/pro-humanitaet.de\/wp-content\/uploads\/2023\/12\/Entwurf-zum-Umbau-des-Autos1-495x400.jpg 495w, https:\/\/pro-humanitaet.de\/wp-content\/uploads\/2023\/12\/Entwurf-zum-Umbau-des-Autos1-845x684.jpg 845w\" sizes=\"(max-width: 495px) 100vw, 495px\" \/><\/div><\/a><\/div><\/div>\n<section  class='av_textblock_section av-lq0swoyr-9aba5e1fb5adc8ad22fa3b9129f7e23f'  itemscope=\"itemscope\" itemtype=\"https:\/\/schema.org\/BlogPosting\" itemprop=\"blogPost\" ><div class='avia_textblock'  itemprop=\"text\" ><p>Das Bistum M\u00fcnster hat seine Unterst\u00fctzung f\u00fcr dieses Projekt in der Erzdi\u00f6zese Homs zugesagt. \u201eDie Menschen in der Region sind muslimischen und christlichen Glaubens. Alle werden ohne Unterschied nach modernen medizinischen Standards versorgt\u201c, so Elke Kleuren-Schryvers. Der Innenausbau des Einsatzfahrzeugs wird vom Kevelaerer Unternehmen Klaus B\u00fcckendorf durchgef\u00fchrt.\u00a0 Bis April 2024 soll das Fahrzeug fertiggestellt sein. Vor Ort in Syrien k\u00fcmmert sich Erzbischof Mourad um alle b\u00fcrokratischen und organisatorischen Dinge. \u201eDer Erzbischof hat dieses erste medizinische Kooperationsprojekt f\u00fcr seine Di\u00f6zese zu seiner pers\u00f6nlichen Sache gemacht. Er hat bereits einen Allgemeinarzt gefunden, der Dienst tun wird in dieser mobilen Praxis, gemeinsam mit einer Krankenschwester und einem Chauffeur. Auch f\u00fcr die weitere Langzeit-Projektbegleitung wird die Stiftung Aktion pro Humanit\u00e4t gemeinsam mit dem M\u00fcnster einstehen\u201c, so Kleuren-Schryvers.<\/p>\n<p><strong>\u201eF\u00fcr die Realisierung der \u201ePraxis auf R\u00e4dern\u201c und die medizinische Versorgung von 20.000 Menschen in der syrischen W\u00fcste brauchen wir die Unterst\u00fctzung vieler Spenderinnen und Spender\u201c, so das APH-Team.\u00a0 Wer helfen m\u00f6chte, spendet unter dem Stichwort \u201eMobile medizinische Praxis\u201c auf das APH-Konto bei der Volksbank an der Niers, DE39 3206 1384 4330 1300 11. <\/strong><\/p>\n<\/div><\/section>\n\n<style type=\"text\/css\" data-created_by=\"avia_inline_auto\" id=\"style-css-av-lq0t8oxf-4012019c33eabaf0caabb54c5e274dab\">\n#top .hr.hr-invisible.av-lq0t8oxf-4012019c33eabaf0caabb54c5e274dab{\nheight:30px;\n}\n<\/style>\n<div  class='hr av-lq0t8oxf-4012019c33eabaf0caabb54c5e274dab hr-invisible  avia-builder-el-9  el_after_av_textblock  avia-builder-el-last'><span class='hr-inner'><span class=\"hr-inner-style\"><\/span><\/span><\/div>","protected":false},"excerpt":{"rendered":"","protected":false},"author":6,"featured_media":8716,"comment_status":"closed","ping_status":"closed","sticky":false,"template":"","format":"standard","meta":[],"categories":[40,4],"tags":[],"acf":[],"_links":{"self":[{"href":"https:\/\/pro-humanitaet.de\/fr\/wp-json\/wp\/v2\/posts\/8707"}],"collection":[{"href":"https:\/\/pro-humanitaet.de\/fr\/wp-json\/wp\/v2\/posts"}],"about":[{"href":"https:\/\/pro-humanitaet.de\/fr\/wp-json\/wp\/v2\/types\/post"}],"author":[{"embeddable":true,"href":"https:\/\/pro-humanitaet.de\/fr\/wp-json\/wp\/v2\/users\/6"}],"replies":[{"embeddable":true,"href":"https:\/\/pro-humanitaet.de\/fr\/wp-json\/wp\/v2\/comments?post=8707"}],"version-history":[{"count":12,"href":"https:\/\/pro-humanitaet.de\/fr\/wp-json\/wp\/v2\/posts\/8707\/revisions"}],"predecessor-version":[{"id":8728,"href":"https:\/\/pro-humanitaet.de\/fr\/wp-json\/wp\/v2\/posts\/8707\/revisions\/8728"}],"wp:featuredmedia":[{"embeddable":true,"href":"https:\/\/pro-humanitaet.de\/fr\/wp-json\/wp\/v2\/media\/8716"}],"wp:attachment":[{"href":"https:\/\/pro-humanitaet.de\/fr\/wp-json\/wp\/v2\/media?parent=8707"}],"wp:term":[{"taxonomy":"category","embeddable":true,"href":"https:\/\/pro-humanitaet.de\/fr\/wp-json\/wp\/v2\/categories?post=8707"},{"taxonomy":"post_tag","embeddable":true,"href":"https:\/\/pro-humanitaet.de\/fr\/wp-json\/wp\/v2\/tags?post=8707"}],"curies":[{"name":"wp","href":"https:\/\/api.w.org\/{rel}","templated":true}]}}